[{"@context":"https:\/\/schema.org\/","@type":"Article","@id":"https:\/\/www.isance.cz\/stat-nejvetsi-kriminalnik\/#Article","mainEntityOfPage":"https:\/\/www.isance.cz\/stat-nejvetsi-kriminalnik\/","headline":"St\u00e1t \u2013 nejv\u011bt\u0161\u00ed krimin\u00e1ln\u00edk?","name":"St\u00e1t \u2013 nejv\u011bt\u0161\u00ed krimin\u00e1ln\u00edk?","description":"Asoci\u00e1ln\u011b soci\u00e1ln\u011b sm\u00fd\u0161lej\u00edc\u00ed politici na mne v posledn\u00ed dob\u011b nahrnuli tolik \u201adobrod\u011bjn\u00fdch\u2018 po\u010din\u016f, a\u017e mi z toho \u0161la nejednou hlava&hellip;","datePublished":"2018-12-20","dateModified":"2023-05-06","author":{"@type":"Person","@id":"https:\/\/www.isance.cz\/author\/#Person","name":"","url":"https:\/\/www.isance.cz\/author\/","identifier":1,"image":{"@type":"ImageObject","@id":"https:\/\/secure.gravatar.com\/avatar\/1e120f96477763896a9e7ab3663c076bf8b67ca32fa1a5943b70761da502a7a7?s=96&d=mm&r=g","url":"https:\/\/secure.gravatar.com\/avatar\/1e120f96477763896a9e7ab3663c076bf8b67ca32fa1a5943b70761da502a7a7?s=96&d=mm&r=g","height":96,"width":96}},"publisher":{"@type":"Organization","name":"isance.cz","logo":{"@type":"ImageObject","@id":"\/logo.png","url":"\/logo.png","width":600,"height":60}},"image":{"@type":"ImageObject","@id":"https:\/\/www.isance.cz\/wp-content\/uploads\/img_a337529_w2682_t1550646166.jpg","url":"https:\/\/www.isance.cz\/wp-content\/uploads\/img_a337529_w2682_t1550646166.jpg","height":0,"width":0},"url":"https:\/\/www.isance.cz\/stat-nejvetsi-kriminalnik\/","about":["Finance"],"wordCount":579,"articleBody":"Asoci\u00e1ln\u011b soci\u00e1ln\u011b sm\u00fd\u0161lej\u00edc\u00ed politici na mne v posledn\u00ed dob\u011b nahrnuli tolik \u201adobrod\u011bjn\u00fdch\u2018 po\u010din\u016f, a\u017e mi z toho \u0161la nejednou hlava kolem. V\u017edy\u0165 jenom nam\u00e1tkou zavzpom\u00ednejme:&#13; a) Bylo rozhodnuto, \u017ee se bude ze st\u00e1tn\u00edch pen\u011bz vypl\u00e1cet 75 % dotace na dopravu pro mlad\u00e9 lidi a seniory. To aby pr\u00fd tito tolik nestr\u00e1dali, aby se dostali i n\u011bkam, kam by se jinak nepod\u00edvali, proto\u017ee by jim na to nezb\u00fdvaly pen\u00edze.&#13; b) Je\u0161t\u011b d\u0159\u00edve bylo rozhodnuto, \u017ee budou d\u016fchody zv\u00fd\u0161eny v\u00edc, ne\u017e to ukl\u00e1d\u00e1 z\u00e1kon, a\u010d na to nebyly pen\u00edze, a nyn\u00ed u\u017e se op\u011bt licituje o to, jak p\u0159idat d\u016fchodc\u016fm v p\u0159\u00ed\u0161t\u00edm roce sl\u00edben\u00fdch dev\u011bt stovek, komu se kv\u016fli tomu pen\u00edze seberou.&#13; c) Nyn\u00ed se mluv\u00ed o tom, \u017ee by m\u011bl st\u00e1t platit n\u00e1hradn\u00ed v\u00fd\u017eivn\u00e9 i rodi\u010d\u016fm-samo\u017eivitel\u016fm, jim\u017e jejich ex-partner a druh\u00fd rodi\u010d jejich d\u011bt\u00ed sv\u00e9voln\u011b neplat\u00ed.&#13; &#13; A te\u010f? Jak jsem se do\u010detl ve zpravodajstv\u00ed, zastal se dokonce s\u00e1m Nejvy\u0161\u0161\u00ed spr\u00e1vn\u00ed soud jist\u00e9 ob\u011bti p\u0159epaden\u00ed. Tato m\u011bla podle pravomocn\u00e9ho rozsudku dostat od pachatele, jen\u017e byl odhalen a odsouzen, 200000 korun jako bolestn\u00e9 a n\u00e1hradu psychick\u00e9 \u00fajmy. Ov\u0161em nedostala je. Proto\u017ee pachatel skon\u010dil za m\u0159\u00ed\u017eemi, kde se jak zn\u00e1mo nedaj\u00ed vyd\u011bl\u00e1vat velk\u00e9 pen\u00edze, a tud\u00ed\u017e by se tohoto od\u0161kodn\u011bn\u00ed do\u010dkala v nejlep\u0161\u00edm p\u0159\u00edpad\u011b a\u017e pot\u00e9, co bude tento po odpyk\u00e1n\u00ed si trestu propu\u0161t\u011bn a za\u010dne pracovat. Pokud tedy za\u010dne vyd\u011bl\u00e1vat.&#13; &#13; A jak Nejvy\u0161\u0161\u00ed spr\u00e1vn\u00ed soud v souladu se z\u00e1konem rozhodl, mus\u00ed takov\u00e1to ob\u011b\u0165 sv\u00e9 soudem ur\u010den\u00e9 od\u0161kodn\u00e9 dostat. Podle z\u00e1kona o ob\u011btech trestn\u00fdch \u010din\u016f mus\u00ed takov\u00e1 ob\u011b\u0165 v p\u0159\u00edpad\u011b t\u011b\u017ek\u00e9 \u00fajmy na zdrav\u00ed dostat pen\u011b\u017eitou pomoc 50000 korun a n\u00e1hradu za prok\u00e1zanou ztr\u00e1tu na v\u00fdd\u011blku \u010di n\u00e1klady spojen\u00e9 s l\u00e9\u010dbou ve v\u00fd\u0161i a\u017e zm\u00edn\u011bn\u00fdch 200000 korun.&#13; M\u00e1 to pochopiteln\u011b zaplatit odsouzen\u00fd pachatel. V \u010dem\u017e je ale h\u00e1\u010dek, proto\u017ee nejednou nen\u00ed mo\u017en\u00e9 z pachatel\u016f pen\u00edze dostat, tito je zkr\u00e1tka nemaj\u00ed. A v takov\u00e9m p\u0159\u00edpad\u011b to m\u00e1 podle Nejvy\u0161\u0161\u00edho spr\u00e1vn\u00edho soudu zaplatit ob\u011bti st\u00e1t. P\u0159esn\u011bji ministerstvo spravedlnosti.&#13; A st\u00e1t potom tyto pen\u00edze m\u016f\u017ee dodate\u010dn\u011b po pachateli vym\u00e1hat.&#13; \u010c\u00edm\u017e se st\u00e1t s\u00e1m pasuje do role nejv\u011bt\u0161\u00edho krimin\u00e1ln\u00edka, jak\u00e9ho u n\u00e1s m\u00e1me. Proto\u017ee:&#13; &#13; 1) M\u00e1 platit klidn\u011b i v\u0161em ob\u011btem od\u0161kodn\u00e9, co\u017e je povinnost\u00ed pachateli. Kdy\u017e to tedy st\u00e1t plat\u00ed, ozna\u010duje se za pachatele s\u00e1m.&#13; 2) Plat\u00ed to z kapes n\u00e1s v\u0161ech, \u010d\u00edm\u017e okr\u00e1d\u00e1 v\u0161echny pl\u00e1tce dan\u00ed. Bez ohledu na to, \u017ee tito jsou nevinn\u00ed a nemaj\u00ed tak co ob\u011btem platit.&#13; 3) A to, co takto vyhod\u00ed z kapes da\u0148ov\u00fdch poplatn\u00edk\u016f, nakonec vlastn\u011b ani nemus\u00ed po pachateli cht\u00edt vr\u00e1tit.&#13; \u010c\u00edm\u017e netvrd\u00edm, \u017ee jsou mi ony neboh\u00e9 ob\u011bti lhostejn\u00e9. Jen mi p\u0159ipad\u00e1 krajn\u011b nevhodn\u00e9, aby to st\u00e1t platil za krimin\u00e1ln\u00edky. Jim\u017e u\u017e i tak plat\u00ed a\u017e p\u0159ehnan\u011b luxusn\u00ed pobyt v krimin\u00e1lech.&#13;                                                                                                                                                                                                                                                                                                                                                                                         3.9\/5 - (9 votes)        "},{"@context":"https:\/\/schema.org\/","@type":"BreadcrumbList","itemListElement":[{"@type":"ListItem","position":1,"name":"St\u00e1t \u2013 nejv\u011bt\u0161\u00ed krimin\u00e1ln\u00edk?","item":"https:\/\/www.isance.cz\/stat-nejvetsi-kriminalnik\/#breadcrumbitem"}]}]